{"id":1501,"date":"2017-04-03T16:05:35","date_gmt":"2017-04-03T16:05:35","guid":{"rendered":"https:\/\/santaanaalcoiweb.wordpress.com\/?p=1501"},"modified":"2017-04-03T16:05:35","modified_gmt":"2017-04-03T16:05:35","slug":"escoleta-infantil-matricula-abierta","status":"publish","type":"post","link":"https:\/\/www.santaanaalcoi.es\/?p=1501","title":{"rendered":"Escoleta Infantil &#8211; Matr\u00edcula abierta"},"content":{"rendered":"<p style=\"text-align:justify;\"><strong><br \/>\nAbrimos matr\u00edcula en nuestra Escoleta Infantil para el curso 2017\/2018<\/strong>.<img loading=\"lazy\" decoding=\"async\" class=\"  wp-image-1508 alignleft\" src=\"https:\/\/santaanaalcoiweb.wordpress.com\/wp-content\/uploads\/2017\/04\/fullsizerender-23.jpg\" alt=\"FullSizeRender 23\" width=\"359\" height=\"243\" srcset=\"https:\/\/www.santaanaalcoi.es\/wp-content\/uploads\/2017\/04\/fullsizerender-23.jpg 1235w, https:\/\/www.santaanaalcoi.es\/wp-content\/uploads\/2017\/04\/fullsizerender-23-300x203.jpg 300w, https:\/\/www.santaanaalcoi.es\/wp-content\/uploads\/2017\/04\/fullsizerender-23-1024x693.jpg 1024w, https:\/\/www.santaanaalcoi.es\/wp-content\/uploads\/2017\/04\/fullsizerender-23-768x520.jpg 768w\" sizes=\"auto, (max-width: 359px) 100vw, 359px\" \/><\/p>\n<p style=\"text-align:justify;\">Desde hoy hasta el d\u00eda 2 de Junio pod\u00e9is entregar vuestras inscripciones en la secretar\u00eda del centro. Recordamos que la admisi\u00f3n del alumnado se realiza por orden de formalizaci\u00f3n de matr\u00edcula, hasta completar la ratio indicada en la normativa vigente.<\/p>\n<p style=\"text-align:justify;\">Nuestras aulas para los ni\u00f1os\/as de 1 y 2 a\u00f1os se caracterizan por utilizar una pedagog\u00eda activa, donde los m\u00e1s peque\u00f1os son los protagonistas de su desarrollo y aprendizaje. La naturaleza, el movimiento y las emociones est\u00e1n muy presentes en nuestro d\u00eda a d\u00eda.<br \/>\nAnte cualquier duda nuestras profes de la Escoleta estar\u00e1n encantadas de atenderos.<\/p>\n<p style=\"text-align:justify;\">M\u00e1s info llamando al 965332228 o enviando un mail a secretaria@santaanaalcoi.com.<\/p>\n","protected":false},"excerpt":{"rendered":"<p>Abrimos matr\u00edcula en nuestra Escoleta Infantil para el curso 2017\/2018. Desde hoy hasta el d\u00eda 2 de Junio pod\u00e9is entregar vuestras inscripciones en la secretar\u00eda del centro. Recordamos que la admisi\u00f3n del alumnado se realiza por orden de formalizaci\u00f3n de matr\u00edcula, hasta completar la ratio indicada en la normativa vigente. Nuestras aulas para los ni\u00f1os\/as&#8230; <\/p>\n<div class=\"link-more\"><a href=\"https:\/\/www.santaanaalcoi.es\/?p=1501\">Lea m\u00e1s<\/a><\/div>\n","protected":false},"author":3,"featured_media":1508,"comment_status":"open","ping_status":"open","sticky":false,"template":"","format":"standard","meta":{"_jetpack_memberships_contains_paid_content":false,"footnotes":""},"categories":[1],"tags":[],"class_list":["post-1501","post","type-post","status-publish","format-standard","has-post-thumbnail","hentry","category-sin-categoria"],"jetpack_featured_media_url":"https:\/\/www.santaanaalcoi.es\/wp-content\/uploads\/2017\/04\/fullsizerender-23.jpg","jetpack_sharing_enabled":true,"_links":{"self":[{"href":"https:\/\/www.santaanaalcoi.es\/index.php?rest_route=\/wp\/v2\/posts\/1501","targetHints":{"allow":["GET"]}}],"collection":[{"href":"https:\/\/www.santaanaalcoi.es\/index.php?rest_route=\/wp\/v2\/posts"}],"about":[{"href":"https:\/\/www.santaanaalcoi.es\/index.php?rest_route=\/wp\/v2\/types\/post"}],"author":[{"embeddable":true,"href":"https:\/\/www.santaanaalcoi.es\/index.php?rest_route=\/wp\/v2\/users\/3"}],"replies":[{"embeddable":true,"href":"https:\/\/www.santaanaalcoi.es\/index.php?rest_route=%2Fwp%2Fv2%2Fcomments&post=1501"}],"version-history":[{"count":0,"href":"https:\/\/www.santaanaalcoi.es\/index.php?rest_route=\/wp\/v2\/posts\/1501\/revisions"}],"wp:featuredmedia":[{"embeddable":true,"href":"https:\/\/www.santaanaalcoi.es\/index.php?rest_route=\/wp\/v2\/media\/1508"}],"wp:attachment":[{"href":"https:\/\/www.santaanaalcoi.es\/index.php?rest_route=%2Fwp%2Fv2%2Fmedia&parent=1501"}],"wp:term":[{"taxonomy":"category","embeddable":true,"href":"https:\/\/www.santaanaalcoi.es\/index.php?rest_route=%2Fwp%2Fv2%2Fcategories&post=1501"},{"taxonomy":"post_tag","embeddable":true,"href":"https:\/\/www.santaanaalcoi.es\/index.php?rest_route=%2Fwp%2Fv2%2Ftags&post=1501"}],"curies":[{"name":"wp","href":"https:\/\/api.w.org\/{rel}","templated":true}]}}