{"id":1459,"date":"2017-03-24T19:09:41","date_gmt":"2017-03-24T19:09:41","guid":{"rendered":"https:\/\/santaanaalcoiweb.wordpress.com\/?p=1459"},"modified":"2017-03-24T19:09:41","modified_gmt":"2017-03-24T19:09:41","slug":"rocio-martinez-caballero-galardonada-con-el-premio-nacional-ceu-por-la-vida","status":"publish","type":"post","link":"https:\/\/www.santaanaalcoi.es\/?p=1459","title":{"rendered":"Roc\u00edo Mart\u00ednez Caballero, galardonada con el premio nacional \u00abCEU por la vida\u00bb"},"content":{"rendered":"<p style=\"text-align:justify;\">Hoy, coincidiendo con la celebraci\u00f3n del \u00abD\u00eda de la Vida\u00bb, recib\u00edamos la gran noticia de que nuestra ex-alumna Roc\u00edo Mart\u00ednez hab\u00eda sido galardonada en los premios nacionales \u00abCEU por la vida\u00bb, que organiza la prestigiosa Universidad espa\u00f1ola San Pablo CEU, con su relato titulado \u00abDesde el minuto uno\u00bb.<\/p>\n<p style=\"text-align:justify;\"><img loading=\"lazy\" decoding=\"async\" class=\"  wp-image-1489 alignleft\" src=\"https:\/\/santaanaalcoiweb.wordpress.com\/wp-content\/uploads\/2017\/03\/whatsapp-image-2017-03-24-at-18-20-29.jpeg\" alt=\"WhatsApp Image 2017-03-24 at 18.20.29\" width=\"403\" height=\"227\" srcset=\"https:\/\/www.santaanaalcoi.es\/wp-content\/uploads\/2017\/03\/whatsapp-image-2017-03-24-at-18-20-29.jpeg 1600w, https:\/\/www.santaanaalcoi.es\/wp-content\/uploads\/2017\/03\/whatsapp-image-2017-03-24-at-18-20-29-300x169.jpeg 300w, https:\/\/www.santaanaalcoi.es\/wp-content\/uploads\/2017\/03\/whatsapp-image-2017-03-24-at-18-20-29-1024x576.jpeg 1024w, https:\/\/www.santaanaalcoi.es\/wp-content\/uploads\/2017\/03\/whatsapp-image-2017-03-24-at-18-20-29-768x432.jpeg 768w, https:\/\/www.santaanaalcoi.es\/wp-content\/uploads\/2017\/03\/whatsapp-image-2017-03-24-at-18-20-29-1536x864.jpeg 1536w\" sizes=\"auto, (max-width: 403px) 100vw, 403px\" \/>Para nosotros es todo un orgullo, ver que los alumnos del colegio Santa Ana son ejemplo de valores y un estupendo referente para otros compa\u00f1eros. Por esto hemos querido hacerle un peque\u00f1o homenaje, y\u00a0nuestra profesora de secundaria, Maite Gomis, ha\u00a0le\u00eddo este precioso relato durante la celebraci\u00f3n.<\/p>\n<p style=\"text-align:justify;\">Aqu\u00ed os dejamos el v\u00eddeo de este magn\u00edfico\u00a0momento que ha hecho saltar las l\u00e1grimas a m\u00e1s de uno.<\/p>\n<p style=\"text-align:justify;\">Os aconsejamos escucharlo de principio a fin.<\/p>\n<p>[youtube https:\/\/www.youtube.com\/watch?v=XgWTYHrmE_Q&amp;w=560&amp;h=315]<\/p>\n<p style=\"text-align:justify;\">\u00a1Enhorabuena Roc\u00edo! Estamos muy orgullosos de ti.<\/p>\n","protected":false},"excerpt":{"rendered":"<p>Hoy, coincidiendo con la celebraci\u00f3n del \u00abD\u00eda de la Vida\u00bb, recib\u00edamos la gran noticia de que nuestra ex-alumna Roc\u00edo Mart\u00ednez hab\u00eda sido galardonada en los premios nacionales \u00abCEU por la vida\u00bb, que organiza la prestigiosa Universidad espa\u00f1ola San Pablo CEU, con su relato titulado \u00abDesde el minuto uno\u00bb. Para nosotros es todo un orgullo, ver&#8230; <\/p>\n<div class=\"link-more\"><a href=\"https:\/\/www.santaanaalcoi.es\/?p=1459\">Lea m\u00e1s<\/a><\/div>\n","protected":false},"author":3,"featured_media":1496,"comment_status":"open","ping_status":"open","sticky":false,"template":"","format":"standard","meta":{"_jetpack_memberships_contains_paid_content":false,"footnotes":""},"categories":[1],"tags":[],"class_list":["post-1459","post","type-post","status-publish","format-standard","has-post-thumbnail","hentry","category-sin-categoria"],"jetpack_featured_media_url":"https:\/\/www.santaanaalcoi.es\/wp-content\/uploads\/2017\/03\/whatsapp-image-2017-03-24-at-18-20-27.jpeg","jetpack_sharing_enabled":true,"_links":{"self":[{"href":"https:\/\/www.santaanaalcoi.es\/index.php?rest_route=\/wp\/v2\/posts\/1459","targetHints":{"allow":["GET"]}}],"collection":[{"href":"https:\/\/www.santaanaalcoi.es\/index.php?rest_route=\/wp\/v2\/posts"}],"about":[{"href":"https:\/\/www.santaanaalcoi.es\/index.php?rest_route=\/wp\/v2\/types\/post"}],"author":[{"embeddable":true,"href":"https:\/\/www.santaanaalcoi.es\/index.php?rest_route=\/wp\/v2\/users\/3"}],"replies":[{"embeddable":true,"href":"https:\/\/www.santaanaalcoi.es\/index.php?rest_route=%2Fwp%2Fv2%2Fcomments&post=1459"}],"version-history":[{"count":0,"href":"https:\/\/www.santaanaalcoi.es\/index.php?rest_route=\/wp\/v2\/posts\/1459\/revisions"}],"wp:featuredmedia":[{"embeddable":true,"href":"https:\/\/www.santaanaalcoi.es\/index.php?rest_route=\/wp\/v2\/media\/1496"}],"wp:attachment":[{"href":"https:\/\/www.santaanaalcoi.es\/index.php?rest_route=%2Fwp%2Fv2%2Fmedia&parent=1459"}],"wp:term":[{"taxonomy":"category","embeddable":true,"href":"https:\/\/www.santaanaalcoi.es\/index.php?rest_route=%2Fwp%2Fv2%2Fcategories&post=1459"},{"taxonomy":"post_tag","embeddable":true,"href":"https:\/\/www.santaanaalcoi.es\/index.php?rest_route=%2Fwp%2Fv2%2Ftags&post=1459"}],"curies":[{"name":"wp","href":"https:\/\/api.w.org\/{rel}","templated":true}]}}