{"id":1446,"date":"2017-03-16T08:55:43","date_gmt":"2017-03-16T08:55:43","guid":{"rendered":"https:\/\/santaanaalcoiweb.wordpress.com\/?p=1446"},"modified":"2017-03-16T08:55:43","modified_gmt":"2017-03-16T08:55:43","slug":"escuela-de-padres-colegio-santa-ana-ser-padres-hoy","status":"publish","type":"post","link":"https:\/\/www.santaanaalcoi.es\/?p=1446","title":{"rendered":"Escuela de padres Colegio Santa Ana &#8211; \u00abSer padres hoy\u00bb"},"content":{"rendered":"<p style=\"text-align:justify;\">Ser padre o madre es maravilloso, pero en ocasiones nos sentimos desbordados durante los primeros a\u00f1os de vida de nuestros hij@s.<br \/>\nEs por ello que el Colegio Santa Ana, de la mano del AMPA, contar\u00e1 con la presencia de la psic\u00f3loga Paloma Carceller para impartir unas charlas gratuitas dirigidas a padres con hij@s en la etapa de infantil (0-6 a\u00f1os).<br \/>\nPueden acudir familias del centro y externas al mismo. \u00a1Os esperamos a tod@s!<\/p>\n<p style=\"text-align:justify;\"><img loading=\"lazy\" decoding=\"async\" class=\"alignnone size-full wp-image-1448\" src=\"https:\/\/santaanaalcoiweb.wordpress.com\/wp-content\/uploads\/2017\/03\/escuela-de-padres.jpg\" alt=\"Escuela de padres\" width=\"1280\" height=\"1024\" srcset=\"https:\/\/www.santaanaalcoi.es\/wp-content\/uploads\/2017\/03\/escuela-de-padres.jpg 1280w, https:\/\/www.santaanaalcoi.es\/wp-content\/uploads\/2017\/03\/escuela-de-padres-300x240.jpg 300w, https:\/\/www.santaanaalcoi.es\/wp-content\/uploads\/2017\/03\/escuela-de-padres-1024x819.jpg 1024w, https:\/\/www.santaanaalcoi.es\/wp-content\/uploads\/2017\/03\/escuela-de-padres-768x614.jpg 768w\" sizes=\"auto, (max-width: 1280px) 100vw, 1280px\" \/><\/p>\n","protected":false},"excerpt":{"rendered":"<p>Ser padre o madre es maravilloso, pero en ocasiones nos sentimos desbordados durante los primeros a\u00f1os de vida de nuestros hij@s. Es por ello que el Colegio Santa Ana, de la mano del AMPA, contar\u00e1 con la presencia de la psic\u00f3loga Paloma Carceller para impartir unas charlas gratuitas dirigidas a padres con hij@s en la&#8230; <\/p>\n<div class=\"link-more\"><a href=\"https:\/\/www.santaanaalcoi.es\/?p=1446\">Lea m\u00e1s<\/a><\/div>\n","protected":false},"author":3,"featured_media":1453,"comment_status":"open","ping_status":"open","sticky":false,"template":"","format":"standard","meta":{"_jetpack_memberships_contains_paid_content":false,"footnotes":""},"categories":[1],"tags":[],"class_list":["post-1446","post","type-post","status-publish","format-standard","has-post-thumbnail","hentry","category-sin-categoria"],"jetpack_featured_media_url":"https:\/\/www.santaanaalcoi.es\/wp-content\/uploads\/2017\/03\/maxresdefault.jpg","jetpack_sharing_enabled":true,"_links":{"self":[{"href":"https:\/\/www.santaanaalcoi.es\/index.php?rest_route=\/wp\/v2\/posts\/1446","targetHints":{"allow":["GET"]}}],"collection":[{"href":"https:\/\/www.santaanaalcoi.es\/index.php?rest_route=\/wp\/v2\/posts"}],"about":[{"href":"https:\/\/www.santaanaalcoi.es\/index.php?rest_route=\/wp\/v2\/types\/post"}],"author":[{"embeddable":true,"href":"https:\/\/www.santaanaalcoi.es\/index.php?rest_route=\/wp\/v2\/users\/3"}],"replies":[{"embeddable":true,"href":"https:\/\/www.santaanaalcoi.es\/index.php?rest_route=%2Fwp%2Fv2%2Fcomments&post=1446"}],"version-history":[{"count":0,"href":"https:\/\/www.santaanaalcoi.es\/index.php?rest_route=\/wp\/v2\/posts\/1446\/revisions"}],"wp:featuredmedia":[{"embeddable":true,"href":"https:\/\/www.santaanaalcoi.es\/index.php?rest_route=\/wp\/v2\/media\/1453"}],"wp:attachment":[{"href":"https:\/\/www.santaanaalcoi.es\/index.php?rest_route=%2Fwp%2Fv2%2Fmedia&parent=1446"}],"wp:term":[{"taxonomy":"category","embeddable":true,"href":"https:\/\/www.santaanaalcoi.es\/index.php?rest_route=%2Fwp%2Fv2%2Fcategories&post=1446"},{"taxonomy":"post_tag","embeddable":true,"href":"https:\/\/www.santaanaalcoi.es\/index.php?rest_route=%2Fwp%2Fv2%2Ftags&post=1446"}],"curies":[{"name":"wp","href":"https:\/\/api.w.org\/{rel}","templated":true}]}}