{"id":1400,"date":"2017-02-21T15:06:56","date_gmt":"2017-02-21T15:06:56","guid":{"rendered":"https:\/\/santaanaalcoiweb.wordpress.com\/?p=1400"},"modified":"2017-02-21T15:06:56","modified_gmt":"2017-02-21T15:06:56","slug":"jornadas-de-puertas-abiertas-2017","status":"publish","type":"post","link":"https:\/\/www.santaanaalcoi.es\/?p=1400","title":{"rendered":"Jornadas de Puertas Abiertas 2017"},"content":{"rendered":"<p style=\"text-align:justify;\"><strong>\u201cUna apuesta por las familias en un entorno \u00fanico\u201d<\/strong><\/p>\n<p style=\"text-align:justify;\">Tras la excelente acogida que tuvieron las Jornadas de puertas abiertas en 2016, el Colegio Santa Ana abre de nuevo sus puertas con interesantes novedades.<\/p>\n<p style=\"text-align:justify;\">Este a\u00f1o las jornadas para visitar el centro se desarrollar\u00e1n el <strong>Mi\u00e9rcoles 8 de Marzo de 9:30 a 14:00 horas, y el S\u00e1bado 11 de Marzo, con una jornada especial, de 10:00 a 12:30 horas<\/strong>.<\/p>\n<p style=\"text-align:center;\">[youtube https:\/\/www.youtube.com\/watch?v=DfHVjvH99GM&amp;w=560&amp;h=315]<\/p>\n<p style=\"text-align:justify;\">En dicha visita las familias podr\u00e1n conocer de cerca la pedagog\u00eda innovadora de este centro, junto con su proyecto <strong>\u201cEnglish Time Project\u201d<\/strong>, y su magn\u00edfica aula creada exclusivamente para el aprendizaje de la lengua inglesa.<\/p>\n<p style=\"text-align:justify;\"><img loading=\"lazy\" decoding=\"async\" class=\"  wp-image-1409 alignleft\" src=\"https:\/\/santaanaalcoiweb.wordpress.com\/wp-content\/uploads\/2017\/02\/5-tips-colegio-santa-ana1.jpg\" alt=\"5-tips-colegio-santa-ana\" width=\"337\" height=\"477\" \/>Durante la visita tambi\u00e9n se explicar\u00e1 a las familias el funcionamiento de la <strong>jornada continua<\/strong>, por la que ha apostado muy fuerte el Colegio Santa Ana, siendo un centro pionero en nuestras comarcas.<\/p>\n<p style=\"text-align:justify;\">Uno de los pilares que caracterizan a este centro es el amor y el cuidado que se transmite hacia la naturaleza y el medio ambiente, y que se lleva a cabo desde su espacio m\u00e1s preciado, el <strong>Huerto Ecol\u00f3gico-Did\u00e1ctico<\/strong>, que cumple ya m\u00e1s de 20 a\u00f1os.<\/p>\n<p style=\"text-align:justify;\">En la visita tambi\u00e9n se conocer\u00e1n de cerca sus aulas de la <strong>\u201cEscoleta\u201d (primer ciclo de Infantil)<\/strong>, en la que crecen los m\u00e1s peques de 0 a 3 a\u00f1os. Aulas soleadas, tranquilas, relajadas, y rodeadas de naturaleza, para que aprender sea un proceso natural y equilibrado, que est\u00e1 en manos de unas excelentes profesionales.<\/p>\n<p style=\"text-align:justify;\">Posteriormente se visitar\u00e1n el resto de instalaciones y aulas, que cubren las etapas de Infantil, Primaria y Secundaria (hasta 4\u00ba de ESO), as\u00ed como las instalaciones del comedor, aulas de inform\u00e1tica, etc.<\/p>\n<p style=\"text-align:justify;\"><img loading=\"lazy\" decoding=\"async\" class=\"alignnone size-full wp-image-1413\" src=\"https:\/\/santaanaalcoiweb.wordpress.com\/wp-content\/uploads\/2017\/02\/publi-facebook.jpg\" alt=\"publi-facebook\" width=\"1280\" height=\"1024\" srcset=\"https:\/\/www.santaanaalcoi.es\/wp-content\/uploads\/2017\/02\/publi-facebook.jpg 1280w, https:\/\/www.santaanaalcoi.es\/wp-content\/uploads\/2017\/02\/publi-facebook-300x240.jpg 300w, https:\/\/www.santaanaalcoi.es\/wp-content\/uploads\/2017\/02\/publi-facebook-1024x819.jpg 1024w, https:\/\/www.santaanaalcoi.es\/wp-content\/uploads\/2017\/02\/publi-facebook-768x614.jpg 768w\" sizes=\"auto, (max-width: 1280px) 100vw, 1280px\" \/>El Colegio Santa Ana ha elaborado un formulario para la inscripci\u00f3n a dichas Jornadas de Puertas Abiertas, con la finalidad de tener un control de asistencia de familias. Se puede acceder a dicho formulario a trav\u00e9s del siguiente enlace (<a href=\"https:\/\/goo.gl\/forms\/quOQjOtPCH0ZEAYE2\">https:\/\/goo.gl\/forms\/quOQjOtPCH0ZEAYE2<\/a>).<\/p>\n<p style=\"text-align:justify;\">Para m\u00e1s informaci\u00f3n tambi\u00e9n se puede visitar la p\u00e1gina web <a href=\"http:\/\/www.santaanaalcoi.com\">www.santaanaalcoi.com<\/a>, \u00f3 contactar con la secretar\u00eda del centro llamando al 965332228, \u00f3 enviar un correo electr\u00f3nico a <a href=\"mailto:secretaria@santaanaalcoi.com\">secretaria@santaanaalcoi.com<\/a>.<\/p>\n<p style=\"text-align:justify;\"><strong>\u201cLO MARAVILLOSO DE APRENDER ALGO, ES QUE NADIE TE LO ARREBATAR\u00c1\u201d.<\/strong><\/p>\n<p style=\"text-align:justify;\"><strong>Colegio Santa Ana de Alcoy<\/strong><\/p>\n","protected":false},"excerpt":{"rendered":"<p>\u201cUna apuesta por las familias en un entorno \u00fanico\u201d Tras la excelente acogida que tuvieron las Jornadas de puertas abiertas en 2016, el Colegio Santa Ana abre de nuevo sus puertas con interesantes novedades. Este a\u00f1o las jornadas para visitar el centro se desarrollar\u00e1n el Mi\u00e9rcoles 8 de Marzo de 9:30 a 14:00 horas, y&#8230; <\/p>\n<div class=\"link-more\"><a href=\"https:\/\/www.santaanaalcoi.es\/?p=1400\">Lea m\u00e1s<\/a><\/div>\n","protected":false},"author":3,"featured_media":1415,"comment_status":"open","ping_status":"open","sticky":false,"template":"","format":"standard","meta":{"_jetpack_memberships_contains_paid_content":false,"footnotes":""},"categories":[1],"tags":[],"class_list":["post-1400","post","type-post","status-publish","format-standard","has-post-thumbnail","hentry","category-sin-categoria"],"jetpack_featured_media_url":"https:\/\/www.santaanaalcoi.es\/wp-content\/uploads\/2017\/02\/captura-de-pantalla-2016-12-02-19-55-54.png","jetpack_sharing_enabled":true,"_links":{"self":[{"href":"https:\/\/www.santaanaalcoi.es\/index.php?rest_route=\/wp\/v2\/posts\/1400","targetHints":{"allow":["GET"]}}],"collection":[{"href":"https:\/\/www.santaanaalcoi.es\/index.php?rest_route=\/wp\/v2\/posts"}],"about":[{"href":"https:\/\/www.santaanaalcoi.es\/index.php?rest_route=\/wp\/v2\/types\/post"}],"author":[{"embeddable":true,"href":"https:\/\/www.santaanaalcoi.es\/index.php?rest_route=\/wp\/v2\/users\/3"}],"replies":[{"embeddable":true,"href":"https:\/\/www.santaanaalcoi.es\/index.php?rest_route=%2Fwp%2Fv2%2Fcomments&post=1400"}],"version-history":[{"count":0,"href":"https:\/\/www.santaanaalcoi.es\/index.php?rest_route=\/wp\/v2\/posts\/1400\/revisions"}],"wp:featuredmedia":[{"embeddable":true,"href":"https:\/\/www.santaanaalcoi.es\/index.php?rest_route=\/wp\/v2\/media\/1415"}],"wp:attachment":[{"href":"https:\/\/www.santaanaalcoi.es\/index.php?rest_route=%2Fwp%2Fv2%2Fmedia&parent=1400"}],"wp:term":[{"taxonomy":"category","embeddable":true,"href":"https:\/\/www.santaanaalcoi.es\/index.php?rest_route=%2Fwp%2Fv2%2Fcategories&post=1400"},{"taxonomy":"post_tag","embeddable":true,"href":"https:\/\/www.santaanaalcoi.es\/index.php?rest_route=%2Fwp%2Fv2%2Ftags&post=1400"}],"curies":[{"name":"wp","href":"https:\/\/api.w.org\/{rel}","templated":true}]}}