{"id":1332,"date":"2017-02-09T10:08:59","date_gmt":"2017-02-09T10:08:59","guid":{"rendered":"https:\/\/santaanaalcoiweb.wordpress.com\/?p=1332"},"modified":"2017-02-09T10:08:59","modified_gmt":"2017-02-09T10:08:59","slug":"5-claves-para-elegir-el-colegio-de-tus-hijos","status":"publish","type":"post","link":"https:\/\/www.santaanaalcoi.es\/?p=1332","title":{"rendered":"5 claves para elegir el colegio de tus hijos"},"content":{"rendered":"<p style=\"text-align:justify;\"><strong>Elegir colegio para tus hijos no es una tarea f\u00e1cil. Todo el mundo opina sobre cu\u00e1l es el mejor y la publicidad a veces se vuelve abrumadora. Para que esta tarea sea m\u00e1s sencilla, aqu\u00ed os compartimos algunos aspectos fundamentales a tener&nbsp;en cuenta.<\/strong><\/p>\n<ul>\n<li style=\"text-align:justify;\"><strong class=\"naranjo\">&nbsp;Visita el lugar.<\/strong>&nbsp;En muchas ocasiones nos guiamos por las recomendaciones de otros. Si el hijo de un familiar o de una mejor amiga estudia en cierto lugar, a veces lo tomamos como buena referencia. Lo mejor es comprobar con nuestros propios ojos las instalaciones, los profesores, as\u00ed como tambi\u00e9n el plan de estudio que seguir\u00e1n nuestros peque\u00f1os. Es importante que el centro se encuentre en un entorno agradable y relajado, donde la naturaleza tome protagonismo. Un huerto ecol\u00f3gico-did\u00e1ctico les ayudar\u00e1 a apreciar la naturaleza y a conocer de cerca el mundo de las plantas y los animales.<\/li>\n<\/ul>\n<p><img loading=\"lazy\" decoding=\"async\" class=\"aligncenter  wp-image-1328\" src=\"https:\/\/santaanaalcoiweb.wordpress.com\/wp-content\/uploads\/2017\/02\/cabecera-general-2017.jpg?w=1024\" alt=\"cabecera-general-2017\" width=\"560\" height=\"224\" srcset=\"https:\/\/www.santaanaalcoi.es\/wp-content\/uploads\/2017\/02\/cabecera-general-2017.jpg 1800w, https:\/\/www.santaanaalcoi.es\/wp-content\/uploads\/2017\/02\/cabecera-general-2017-300x120.jpg 300w, https:\/\/www.santaanaalcoi.es\/wp-content\/uploads\/2017\/02\/cabecera-general-2017-1024x410.jpg 1024w, https:\/\/www.santaanaalcoi.es\/wp-content\/uploads\/2017\/02\/cabecera-general-2017-768x307.jpg 768w, https:\/\/www.santaanaalcoi.es\/wp-content\/uploads\/2017\/02\/cabecera-general-2017-1536x614.jpg 1536w\" sizes=\"auto, (max-width: 560px) 100vw, 560px\" \/><\/p>\n<ul>\n<li style=\"text-align:justify;\"><strong>N\u00famero de alumnos que tiene el centro&nbsp;<\/strong>. El n\u00famero de alumnos del centro es, para la mayor\u00eda de padres, un factor muy importante.&nbsp;Los padres son conscientes de que a mayor n\u00famero de alumnos, los profesores pueden prestar menos atenci\u00f3n a cada uno, y conocerlos personalmente es fundamental. La atenci\u00f3n personalizada mejora la calidad de la ense\u00f1anza. Un colegio de una sola l\u00ednea, har\u00e1 que vuestra experiencia como padres sea m\u00e1s familiar, y ello repercutir\u00e1 de manera muy positiva en la educaci\u00f3n de vuestros hijos.<\/li>\n<\/ul>\n<p><img loading=\"lazy\" decoding=\"async\" class=\"wp-image-1396 alignleft\" src=\"https:\/\/santaanaalcoiweb.wordpress.com\/wp-content\/uploads\/2017\/02\/captura-de-pantalla-2016-12-02-19-58-22.png\" alt=\"captura-de-pantalla-2016-12-02-19-58-22\" width=\"369\" height=\"207\" srcset=\"https:\/\/www.santaanaalcoi.es\/wp-content\/uploads\/2017\/02\/captura-de-pantalla-2016-12-02-19-58-22.png 1436w, https:\/\/www.santaanaalcoi.es\/wp-content\/uploads\/2017\/02\/captura-de-pantalla-2016-12-02-19-58-22-300x169.png 300w, https:\/\/www.santaanaalcoi.es\/wp-content\/uploads\/2017\/02\/captura-de-pantalla-2016-12-02-19-58-22-1024x575.png 1024w, https:\/\/www.santaanaalcoi.es\/wp-content\/uploads\/2017\/02\/captura-de-pantalla-2016-12-02-19-58-22-768x432.png 768w\" sizes=\"auto, (max-width: 369px) 100vw, 369px\" \/><\/p>\n<ul>\n<li style=\"text-align:justify;\"><strong>Idiomas<\/strong>. Antes, s\u00f3lo los colegios exclusivos disfrutaban de una educaci\u00f3n biling\u00fce.&nbsp;Ahora, algunos&nbsp;centros concertados ofrecen esta ventaja para los ni\u00f1os, ya que est\u00e1 comprobado que cuanto antes empiecen a aprender una segunda lengua&nbsp;m\u00e1s f\u00e1cil les resultar\u00e1 ser biling\u00fces. Por ello, es importante que os inform\u00e9is si el colegio dispone de un Proyecto para el Aprendizaje de la Lengua Inglesa, y apost\u00e9is fuerte por este aspecto.<\/li>\n<li style=\"text-align:justify;\"><strong>Tipolog\u00eda de Jornada Escolar.&nbsp;<\/strong>Hoy en d\u00eda casi la totalidad de colegios espa\u00f1oles han implantado la Jornada Continua escolar, con un horario de 9:00h. a 14:00h. En caso de necesitarlo, podr\u00e9is disponer de servicio de comedor, y posterior permanencia en el centro hasta las 17:00h.(permanencia sin coste adicional). Este tipo de jornada&nbsp;os permitir\u00e1&nbsp;disfrutar de un completa conciliaci\u00f3n familiar, ganando tiempo y calidad de vida.<\/li>\n<li style=\"text-align:justify;\"><strong>Educaci\u00f3n integral<\/strong>. Es importante conocer si el centro&nbsp;cuenta con&nbsp;todas las etapas educativas, que abarque al menos hasta los 16 a\u00f1os. Si vuestro hijo crece&nbsp;bajo los mismos valores, pedagog\u00edas y con los mismos compa\u00f1eros desde que tiene 1 a\u00f1o, ser\u00e1 un ni\u00f1o feliz y vosotros estar\u00e9is mucho m\u00e1s tranquilos.<\/li>\n<\/ul>\n<p><img loading=\"lazy\" decoding=\"async\" class=\"wp-image-1397 alignright\" src=\"https:\/\/santaanaalcoiweb.wordpress.com\/wp-content\/uploads\/2017\/02\/fullsizerender-42.jpg\" alt=\"FullSizeRender 42.jpg\" width=\"343\" height=\"257\" srcset=\"https:\/\/www.santaanaalcoi.es\/wp-content\/uploads\/2017\/02\/fullsizerender-42.jpg 1600w, https:\/\/www.santaanaalcoi.es\/wp-content\/uploads\/2017\/02\/fullsizerender-42-300x225.jpg 300w, https:\/\/www.santaanaalcoi.es\/wp-content\/uploads\/2017\/02\/fullsizerender-42-1024x768.jpg 1024w, https:\/\/www.santaanaalcoi.es\/wp-content\/uploads\/2017\/02\/fullsizerender-42-768x576.jpg 768w, https:\/\/www.santaanaalcoi.es\/wp-content\/uploads\/2017\/02\/fullsizerender-42-1536x1152.jpg 1536w\" sizes=\"auto, (max-width: 343px) 100vw, 343px\" \/><\/p>\n<ul>\n<li style=\"text-align:justify;\">\n<p class=\"mce\"><strong>La regla de oro: \u00abpiensa en las condiciones de tu hijo antes que en las condiciones del colegio\u00bb<\/strong> No existen colegios perfectos en general, sino colegios adecuados para los ni\u00f1os. Son aspectos importantes&nbsp;la excelencia acad\u00e9mica, los idiomas, la pedagog\u00eda del centro&nbsp;o sus instalaciones. Pero siempre hay que considerar qu\u00e9 es lo que quer\u00e9is para vuestro hijo, y en qu\u00e9 tipo de centro quer\u00e9is que crezca . Por tanto, la pregunta del mill\u00f3n debe ser: \u00ab\u00bfser\u00e1 mi hijo feliz en este colegio?\u00bb<\/p>\n<\/li>\n<\/ul>\n<p>&nbsp;<\/p>\n<p>&nbsp;<\/p>\n","protected":false},"excerpt":{"rendered":"<p>Elegir colegio para tus hijos no es una tarea f\u00e1cil. Todo el mundo opina sobre cu\u00e1l es el mejor y la publicidad a veces se vuelve abrumadora. Para que esta tarea sea m\u00e1s sencilla, aqu\u00ed os compartimos algunos aspectos fundamentales a tener&nbsp;en cuenta. &nbsp;Visita el lugar.&nbsp;En muchas ocasiones nos guiamos por las recomendaciones de otros&#8230;. <\/p>\n<div class=\"link-more\"><a href=\"https:\/\/www.santaanaalcoi.es\/?p=1332\">Lea m\u00e1s<\/a><\/div>\n","protected":false},"author":3,"featured_media":1336,"comment_status":"open","ping_status":"open","sticky":false,"template":"","format":"standard","meta":{"_jetpack_memberships_contains_paid_content":false,"footnotes":""},"categories":[1],"tags":[2,3,4,5,6],"class_list":["post-1332","post","type-post","status-publish","format-standard","has-post-thumbnail","hentry","category-sin-categoria","tag-colegio-santa-ana-de-alcoy","tag-colegios-alcoy","tag-english-time","tag-huerto-escolar","tag-jornada-continua"],"jetpack_featured_media_url":"https:\/\/www.santaanaalcoi.es\/wp-content\/uploads\/2017\/02\/captura-de-pantalla-2016-12-02-19-56-38.png","jetpack_sharing_enabled":true,"_links":{"self":[{"href":"https:\/\/www.santaanaalcoi.es\/index.php?rest_route=\/wp\/v2\/posts\/1332","targetHints":{"allow":["GET"]}}],"collection":[{"href":"https:\/\/www.santaanaalcoi.es\/index.php?rest_route=\/wp\/v2\/posts"}],"about":[{"href":"https:\/\/www.santaanaalcoi.es\/index.php?rest_route=\/wp\/v2\/types\/post"}],"author":[{"embeddable":true,"href":"https:\/\/www.santaanaalcoi.es\/index.php?rest_route=\/wp\/v2\/users\/3"}],"replies":[{"embeddable":true,"href":"https:\/\/www.santaanaalcoi.es\/index.php?rest_route=%2Fwp%2Fv2%2Fcomments&post=1332"}],"version-history":[{"count":0,"href":"https:\/\/www.santaanaalcoi.es\/index.php?rest_route=\/wp\/v2\/posts\/1332\/revisions"}],"wp:featuredmedia":[{"embeddable":true,"href":"https:\/\/www.santaanaalcoi.es\/index.php?rest_route=\/wp\/v2\/media\/1336"}],"wp:attachment":[{"href":"https:\/\/www.santaanaalcoi.es\/index.php?rest_route=%2Fwp%2Fv2%2Fmedia&parent=1332"}],"wp:term":[{"taxonomy":"category","embeddable":true,"href":"https:\/\/www.santaanaalcoi.es\/index.php?rest_route=%2Fwp%2Fv2%2Fcategories&post=1332"},{"taxonomy":"post_tag","embeddable":true,"href":"https:\/\/www.santaanaalcoi.es\/index.php?rest_route=%2Fwp%2Fv2%2Ftags&post=1332"}],"curies":[{"name":"wp","href":"https:\/\/api.w.org\/{rel}","templated":true}]}}