{"id":1317,"date":"2017-02-01T09:39:39","date_gmt":"2017-02-01T09:39:39","guid":{"rendered":"https:\/\/santaanaalcoiweb.wordpress.com\/?p=1317"},"modified":"2017-02-01T09:39:39","modified_gmt":"2017-02-01T09:39:39","slug":"los-e-sports-llegan-al-club-deportivo-santa-ana","status":"publish","type":"post","link":"https:\/\/www.santaanaalcoi.es\/?p=1317","title":{"rendered":"Los E-Sports llegan al Club Deportivo Santa Ana"},"content":{"rendered":"<p style=\"text-align:justify;\"><strong>\u00a1ESTAMOS DE ENHORABUENA! \u00a1EL CLUB ABRE UNA NUEVA SECCI\u00d3N DE DEPORTES ELECTR\u00d3NICOS! <\/strong><\/p>\n<p style=\"text-align:justify;\"><img loading=\"lazy\" decoding=\"async\" class=\"alignleft size-medium wp-image-1315\" src=\"https:\/\/santaanaalcoiweb.wordpress.com\/wp-content\/uploads\/2017\/02\/1423568939_extras_noticia_foton_7_1.jpg?w=300\" alt=\"1423568939_extras_noticia_foton_7_1\" width=\"300\" height=\"157\" \/>Como todos sab\u00e9is, el esp\u00edritu de innovaci\u00f3n es una de las virtudes que caracteriza a nuestro centro. Despu\u00e9s de ser pioneros a nivel local en cuanto a la jornada continua, incorporar un aula espec\u00edfica de ingl\u00e9s \u201cEnglish Time Lab\u201d, llega de la mano de nuestro Club Deportivo una ampliaci\u00f3n de la oferta deportiva.<\/p>\n<p style=\"text-align:justify;\">Como muchos de ustedes ya saben, el mundo de los videojuegos est\u00e1 en creciente expansi\u00f3n y poco a poco introduci\u00e9ndose en el d\u00eda a d\u00eda de nuestros j\u00f3venes. Con la intenci\u00f3n de afrontar estos cambios culturales de nuestra sociedad, surge la propuesta de crear una secci\u00f3n de deportes electr\u00f3nicos con la iniciativa de poder educar a nuestros j\u00f3venes en este campo con el que ellos conviven diariamente y con el que la mayor\u00eda de nosotros, los padres, no convivimos en su d\u00eda. Nos parece fundamental poder orientarles y, a la vez, transmitirles los valores del deporte y trabajo en equipo en estas nuevas expresiones de ocio que van apareciendo.<\/p>\n<p style=\"text-align:justify;\"><img loading=\"lazy\" decoding=\"async\" class=\" size-medium wp-image-1314 alignright\" src=\"https:\/\/santaanaalcoiweb.wordpress.com\/wp-content\/uploads\/2017\/02\/1366_2000.jpg?w=300\" alt=\"1366_2000\" width=\"300\" height=\"171\" \/>Con tal de poder ofrecer m\u00e1s informaci\u00f3n al respecto y explicarles en detalle en qu\u00e9 va a consistir esta iniciativa, les invitamos a acudir a la presentaci\u00f3n de la nueva secci\u00f3n del club que se llevar\u00e1 a cabo el pr\u00f3ximo <strong>Viernes d\u00eda 3 de Febrero a las 19h. en el sal\u00f3n de actos del centro<\/strong>. En principio, la oferta se abre para los alumnos del Colegio Santa Ana o de otros centros que est\u00e9n cursando 2\u00ba de ESO o superior.<\/p>\n","protected":false},"excerpt":{"rendered":"<p>\u00a1ESTAMOS DE ENHORABUENA! \u00a1EL CLUB ABRE UNA NUEVA SECCI\u00d3N DE DEPORTES ELECTR\u00d3NICOS! Como todos sab\u00e9is, el esp\u00edritu de innovaci\u00f3n es una de las virtudes que caracteriza a nuestro centro. Despu\u00e9s de ser pioneros a nivel local en cuanto a la jornada continua, incorporar un aula espec\u00edfica de ingl\u00e9s \u201cEnglish Time Lab\u201d, llega de la mano&#8230; <\/p>\n<div class=\"link-more\"><a href=\"https:\/\/www.santaanaalcoi.es\/?p=1317\">Lea m\u00e1s<\/a><\/div>\n","protected":false},"author":3,"featured_media":0,"comment_status":"open","ping_status":"open","sticky":false,"template":"","format":"standard","meta":{"_jetpack_memberships_contains_paid_content":false,"footnotes":""},"categories":[1],"tags":[],"class_list":["post-1317","post","type-post","status-publish","format-standard","hentry","category-sin-categoria"],"jetpack_featured_media_url":"","jetpack_sharing_enabled":true,"_links":{"self":[{"href":"https:\/\/www.santaanaalcoi.es\/index.php?rest_route=\/wp\/v2\/posts\/1317","targetHints":{"allow":["GET"]}}],"collection":[{"href":"https:\/\/www.santaanaalcoi.es\/index.php?rest_route=\/wp\/v2\/posts"}],"about":[{"href":"https:\/\/www.santaanaalcoi.es\/index.php?rest_route=\/wp\/v2\/types\/post"}],"author":[{"embeddable":true,"href":"https:\/\/www.santaanaalcoi.es\/index.php?rest_route=\/wp\/v2\/users\/3"}],"replies":[{"embeddable":true,"href":"https:\/\/www.santaanaalcoi.es\/index.php?rest_route=%2Fwp%2Fv2%2Fcomments&post=1317"}],"version-history":[{"count":0,"href":"https:\/\/www.santaanaalcoi.es\/index.php?rest_route=\/wp\/v2\/posts\/1317\/revisions"}],"wp:attachment":[{"href":"https:\/\/www.santaanaalcoi.es\/index.php?rest_route=%2Fwp%2Fv2%2Fmedia&parent=1317"}],"wp:term":[{"taxonomy":"category","embeddable":true,"href":"https:\/\/www.santaanaalcoi.es\/index.php?rest_route=%2Fwp%2Fv2%2Fcategories&post=1317"},{"taxonomy":"post_tag","embeddable":true,"href":"https:\/\/www.santaanaalcoi.es\/index.php?rest_route=%2Fwp%2Fv2%2Ftags&post=1317"}],"curies":[{"name":"wp","href":"https:\/\/api.w.org\/{rel}","templated":true}]}}