{"id":1291,"date":"2017-01-24T14:45:51","date_gmt":"2017-01-24T14:45:51","guid":{"rendered":"https:\/\/santaanaalcoiweb.wordpress.com\/?p=1291"},"modified":"2017-01-24T14:45:51","modified_gmt":"2017-01-24T14:45:51","slug":"somossolidarios","status":"publish","type":"post","link":"https:\/\/www.santaanaalcoi.es\/?p=1291","title":{"rendered":"#SomosSolidarios"},"content":{"rendered":"<p style=\"text-align:justify;\">Queridas familias,<\/p>\n<p style=\"text-align:justify;\">Un a\u00f1o m\u00e1s les informamos que en la campa\u00f1a del <strong>DOMUND <\/strong>hemos recaudado <strong>457,79 euros<\/strong> entre todos. Estos fondos recaudados ir\u00e1n destinados a infancia misionera.<\/p>\n<p style=\"text-align:justify;\">Es por ello que queremos felicitarles por su gran solidaridad con los m\u00e1s necesitados.<\/p>\n<p style=\"text-align:justify;\">Aprovechamos la ocasi\u00f3n para invitarles a participar en la nueva campa\u00f1a de <strong>\u201cC\u00c1RITAS\u201d<\/strong> que vamos a iniciar en nuestro colegio, acompa\u00f1ados por la parroquia, y as\u00ed poner nuestro granito de arena para ayudar a luchar contra el hambre que existe en nuestra ciudad.<\/p>\n<p style=\"text-align:justify;\">Les invitamos a\u00a0traer alimentos y productos de higiene, que cada alumno deber\u00e1 entregar en su clase, hasta el d\u00eda <strong>10 de febrero<\/strong>.<\/p>\n<p style=\"text-align:justify;\">Muchas gracias<\/p>\n<p>\u201c<em>Recordemos hechos y personas que nos han sorprendido por su bondad, hasta el punto de suscitar en nosotros el deseo de ser como ellas\u201d<\/em><\/p>\n<p>Equipo de pastoral<\/p>\n","protected":false},"excerpt":{"rendered":"<p>Queridas familias, Un a\u00f1o m\u00e1s les informamos que en la campa\u00f1a del DOMUND hemos recaudado 457,79 euros entre todos. Estos fondos recaudados ir\u00e1n destinados a infancia misionera. Es por ello que queremos felicitarles por su gran solidaridad con los m\u00e1s necesitados. Aprovechamos la ocasi\u00f3n para invitarles a participar en la nueva campa\u00f1a de \u201cC\u00c1RITAS\u201d que&#8230; <\/p>\n<div class=\"link-more\"><a href=\"https:\/\/www.santaanaalcoi.es\/?p=1291\">Lea m\u00e1s<\/a><\/div>\n","protected":false},"author":3,"featured_media":1310,"comment_status":"open","ping_status":"open","sticky":false,"template":"","format":"standard","meta":{"_jetpack_memberships_contains_paid_content":false,"footnotes":""},"categories":[1],"tags":[],"class_list":["post-1291","post","type-post","status-publish","format-standard","has-post-thumbnail","hentry","category-sin-categoria"],"jetpack_featured_media_url":"https:\/\/www.santaanaalcoi.es\/wp-content\/uploads\/2017\/01\/proyecto-caritas.jpg","jetpack_sharing_enabled":true,"_links":{"self":[{"href":"https:\/\/www.santaanaalcoi.es\/index.php?rest_route=\/wp\/v2\/posts\/1291","targetHints":{"allow":["GET"]}}],"collection":[{"href":"https:\/\/www.santaanaalcoi.es\/index.php?rest_route=\/wp\/v2\/posts"}],"about":[{"href":"https:\/\/www.santaanaalcoi.es\/index.php?rest_route=\/wp\/v2\/types\/post"}],"author":[{"embeddable":true,"href":"https:\/\/www.santaanaalcoi.es\/index.php?rest_route=\/wp\/v2\/users\/3"}],"replies":[{"embeddable":true,"href":"https:\/\/www.santaanaalcoi.es\/index.php?rest_route=%2Fwp%2Fv2%2Fcomments&post=1291"}],"version-history":[{"count":0,"href":"https:\/\/www.santaanaalcoi.es\/index.php?rest_route=\/wp\/v2\/posts\/1291\/revisions"}],"wp:featuredmedia":[{"embeddable":true,"href":"https:\/\/www.santaanaalcoi.es\/index.php?rest_route=\/wp\/v2\/media\/1310"}],"wp:attachment":[{"href":"https:\/\/www.santaanaalcoi.es\/index.php?rest_route=%2Fwp%2Fv2%2Fmedia&parent=1291"}],"wp:term":[{"taxonomy":"category","embeddable":true,"href":"https:\/\/www.santaanaalcoi.es\/index.php?rest_route=%2Fwp%2Fv2%2Fcategories&post=1291"},{"taxonomy":"post_tag","embeddable":true,"href":"https:\/\/www.santaanaalcoi.es\/index.php?rest_route=%2Fwp%2Fv2%2Ftags&post=1291"}],"curies":[{"name":"wp","href":"https:\/\/api.w.org\/{rel}","templated":true}]}}