{"id":1154,"date":"2016-12-14T12:30:04","date_gmt":"2016-12-14T12:30:04","guid":{"rendered":"https:\/\/santaanaalcoiweb.wordpress.com\/?p=1154"},"modified":"2016-12-14T12:30:04","modified_gmt":"2016-12-14T12:30:04","slug":"festival-de-navidad-2016","status":"publish","type":"post","link":"https:\/\/www.santaanaalcoi.es\/?p=1154","title":{"rendered":"Festival de Navidad 2016"},"content":{"rendered":"<p class=\"p1\" style=\"text-align:justify;\"><span class=\"s1\">Queridas familias, gracias a la colaboraci\u00f3n de la <b>Universidad Polit\u00e9cnica de Valencia, Campus de Alcoy, y al Ayuntamiento de Alcoy<\/b>, este a\u00f1o vamos a poder celebrar el Festival de Navidad en el <b>Sal\u00f3n de Actos del edificio del Viaducto<\/b>, en las fechas que pasamos a indicarles a continuaci\u00f3n:<\/span><span class=\"s1\">\u00a0<\/span><span class=\"s2\">\u00a0\u00a0<\/span><\/p>\n<ul style=\"text-align:justify;\">\n<li class=\"p2\">Escoleta &#8211;\u00a0<a href=\"http:\/\/airmail.calendar\/2016-12-20%2017:00:00%20CET\"><span class=\"s3\">21 de Diciembre, a las 17:30h<\/span><\/a>.<\/li>\n<li class=\"p2\"><span class=\"s2\">Infantil \u2013 <a href=\"http:\/\/airmail.calendar\/2016-12-20%2017:00:00%20CET\"><span class=\"s3\">20 de Diciembre, a las 17:00h<\/span><\/a>.<\/span><\/li>\n<li class=\"p2\">1\u00ba, 2\u00ba y 3\u00ba de primaria \u2013 <a href=\"http:\/\/airmail.calendar\/2016-12-19%2016:00:00%20CET\"><span class=\"s4\">19 de Diciembre, a las 16:00h<\/span><\/a>.<\/li>\n<li class=\"p2\">4\u00ba, 5\u00ba y 6\u00ba de primaria y un grupo de Secundaria \u2013<a href=\"http:\/\/airmail.calendar\/2016-12-20%2017:00:00%20CET\"><span class=\"s3\">22 de Diciembre, a las 16:00h<\/span><\/a>.<\/li>\n<\/ul>\n<p class=\"p1\" style=\"text-align:justify;\"><span class=\"s1\">La capacidad del sal\u00f3n es de 220 personas sentadas, de manera que cada alumno tendr\u00e1 3 entradas con asiento para sus familiares, y si alg\u00fan miembro m\u00e1s de la familia desea acudir, podr\u00e1n permanecer de pie en los laterales del sal\u00f3n de actos.<\/span><\/p>\n<p class=\"p1\" style=\"text-align:justify;\"><span class=\"s1\">Recordamos que el aparcamiento en la zona es complicado, pudiendo aparcar en el recinto ferial aunque no sabemos el espacio disponible.<\/span><\/p>\n<p style=\"text-align:center;\">[googlemaps https:\/\/www.google.com\/maps\/embed?pb=!1m18!1m12!1m3!1d778.4545702928539!2d-0.4698683707902693!3d38.69901824537852!2m3!1f0!2f0!3f0!3m2!1i1024!2i768!4f13.1!3m3!1m2!1s0xd61864a005f903d%3A0xb106274707434514!2sPasseig+Ovidi+Montllor%2C+1%2C+03801+Alcoi%2C+Alicante!5e0!3m2!1ses!2ses!4v1481718492016&amp;w=600&amp;h=450]<\/p>\n<p class=\"p1\" style=\"text-align:justify;\"><span class=\"s1\">Si tienen alguna duda p\u00f3nganse en contacto con la secretaria o con el tutor de su hijo.<\/span><\/p>\n<p class=\"p1\" style=\"text-align:justify;\"><span class=\"s1\">Aprovechamos para desearles una <b>Feliz Navidad y Pr\u00f3spero A\u00f1o Nuevo 2017.<\/b><\/span><\/p>\n<p class=\"p1\" style=\"text-align:justify;\">\n","protected":false},"excerpt":{"rendered":"<p>Queridas familias, gracias a la colaboraci\u00f3n de la Universidad Polit\u00e9cnica de Valencia, Campus de Alcoy, y al Ayuntamiento de Alcoy, este a\u00f1o vamos a poder celebrar el Festival de Navidad en el Sal\u00f3n de Actos del edificio del Viaducto, en las fechas que pasamos a indicarles a continuaci\u00f3n:\u00a0\u00a0\u00a0 Escoleta &#8211;\u00a021 de Diciembre, a las 17:30h&#8230;. <\/p>\n<div class=\"link-more\"><a href=\"https:\/\/www.santaanaalcoi.es\/?p=1154\">Lea m\u00e1s<\/a><\/div>\n","protected":false},"author":3,"featured_media":1226,"comment_status":"open","ping_status":"open","sticky":false,"template":"","format":"standard","meta":{"_jetpack_memberships_contains_paid_content":false,"footnotes":""},"categories":[1],"tags":[],"class_list":["post-1154","post","type-post","status-publish","format-standard","has-post-thumbnail","hentry","category-sin-categoria"],"jetpack_featured_media_url":"https:\/\/www.santaanaalcoi.es\/wp-content\/uploads\/2016\/12\/viaducto_epsa.jpg","jetpack_sharing_enabled":true,"_links":{"self":[{"href":"https:\/\/www.santaanaalcoi.es\/index.php?rest_route=\/wp\/v2\/posts\/1154","targetHints":{"allow":["GET"]}}],"collection":[{"href":"https:\/\/www.santaanaalcoi.es\/index.php?rest_route=\/wp\/v2\/posts"}],"about":[{"href":"https:\/\/www.santaanaalcoi.es\/index.php?rest_route=\/wp\/v2\/types\/post"}],"author":[{"embeddable":true,"href":"https:\/\/www.santaanaalcoi.es\/index.php?rest_route=\/wp\/v2\/users\/3"}],"replies":[{"embeddable":true,"href":"https:\/\/www.santaanaalcoi.es\/index.php?rest_route=%2Fwp%2Fv2%2Fcomments&post=1154"}],"version-history":[{"count":0,"href":"https:\/\/www.santaanaalcoi.es\/index.php?rest_route=\/wp\/v2\/posts\/1154\/revisions"}],"wp:featuredmedia":[{"embeddable":true,"href":"https:\/\/www.santaanaalcoi.es\/index.php?rest_route=\/wp\/v2\/media\/1226"}],"wp:attachment":[{"href":"https:\/\/www.santaanaalcoi.es\/index.php?rest_route=%2Fwp%2Fv2%2Fmedia&parent=1154"}],"wp:term":[{"taxonomy":"category","embeddable":true,"href":"https:\/\/www.santaanaalcoi.es\/index.php?rest_route=%2Fwp%2Fv2%2Fcategories&post=1154"},{"taxonomy":"post_tag","embeddable":true,"href":"https:\/\/www.santaanaalcoi.es\/index.php?rest_route=%2Fwp%2Fv2%2Ftags&post=1154"}],"curies":[{"name":"wp","href":"https:\/\/api.w.org\/{rel}","templated":true}]}}