{"id":1136,"date":"2016-11-17T16:06:52","date_gmt":"2016-11-17T16:06:52","guid":{"rendered":"https:\/\/santaanaalcoiweb.wordpress.com\/?p=1136"},"modified":"2016-11-17T16:06:52","modified_gmt":"2016-11-17T16:06:52","slug":"escoleta-de-nadal-abrimos-inscripciones","status":"publish","type":"post","link":"https:\/\/www.santaanaalcoi.es\/?p=1136","title":{"rendered":"Escoleta de Nadal: abrimos inscripciones"},"content":{"rendered":"<p class=\"p2\" style=\"text-align:justify;\">Queridos pap\u00e1s y mam\u00e1s:<\/p>\n<p class=\"p2\" style=\"text-align:justify;\">Les informamos que en el periodo vacacional comprendido entre los d\u00edas 23 de diciembre y 5 de enero (ambos inclusive), el Colegio Santa Ana les ofrece la <b>Escoleta de Nadal 2016,\u00a0<\/b>a la que podr\u00e1n asistir los alumnos con edades comprendidas entre <b>1 y 12 a\u00f1os, tanto de dentro como de fuera del Colegio<\/b>. En ella se realizar\u00e1n actividades l\u00fadicas en varios grupos: <strong>Elfos<\/strong> (escoleta), <strong>Duendes<\/strong> (infantil) y <strong>Magos<\/strong> (primaria), todas relacionadas con la festividad caracter\u00edstica de estas fechas: talleres, manualidades, cuenta cuentos entre otras, en la que los ni\u00f1os y ni\u00f1as podr\u00e1n disfrutar aprendiendo. Adem\u00e1s, las familias que lo deseen, podr\u00e1n solicitar <b>servicio de comedor<\/b>.<\/p>\n<p class=\"p2\" style=\"text-align:justify;\">El calendario de los d\u00edas propuestos ser\u00e1n los siguientes:<\/p>\n<p class=\"p2\" style=\"text-align:justify;\"><b>\u00b7 23, 27, 28, 29, 30 de diciembre y 2 y 3 enero: horario de 9.00 a 13.00 y comedor opcional. <\/b><\/p>\n<p class=\"p2\" style=\"text-align:justify;\"><b>\u00b7 4 y 5 de enero: horario de 9.00 a 12.00 SIN COMEDOR <\/b><\/p>\n<table class=\"t1\" cellspacing=\"0\" cellpadding=\"0\">\n<tbody>\n<tr>\n<td class=\"td1\" valign=\"top\">\n<p class=\"p2\">* Posibilidad de horario de permanencia de 8:00h a 9:00h. <span class=\"s2\"><b>TARIFAS <\/b><\/span><\/p>\n<\/td>\n<\/tr>\n<tr>\n<td class=\"td1\" valign=\"top\">\n<p class=\"p3\"><b>ALUMNOS\/AS MATRICULADOS EN EL <i>1r CICLO DE INFANTIL: GRATIS <\/i>(INCLUIDO EN LA MENSUALIDAD) <\/b><\/p>\n<\/td>\n<\/tr>\n<tr>\n<td class=\"td1\" valign=\"top\">\n<p class=\"p4\"><b>Escoleta de Nadal completa de 9:00h a 13:00h: 45\u20ac <\/b><\/p>\n<p class=\"p4\"><b>Permanencia de 8:00 a 9:00: 4,5\u20ac <\/b><\/p>\n<p class=\"p4\"><b>Comedor: 5\u20ac <\/b><\/p>\n<p class=\"p4\"><b>D\u00eda suelto: 8\u20ac <\/b><\/p>\n<p class=\"p4\"><b>20% Descuento en el segundo hermano <\/b><\/p>\n<\/td>\n<\/tr>\n<\/tbody>\n<\/table>\n<p class=\"p2\" style=\"text-align:justify;\"><span style=\"text-decoration:underline;\"><b>Inscripci\u00f3n<\/b><\/span><\/p>\n<p class=\"p2\" style=\"text-align:justify;\">&#8211; La inscripci\u00f3n se puede descargar en el siguiente link (<a href=\"https:\/\/santaanaalcoiweb.wordpress.com\/wp-content\/uploads\/2016\/11\/escoleta-de-nadal-2016.pdf\" target=\"_blank\">HOJA INSCRIPCI\u00d3N ESCOLETA<\/a>).<\/p>\n<p class=\"p2\" style=\"text-align:justify;\">&#8211; <b>Las plazas son limitadas. <\/b>La inscripci\u00f3n ser\u00e1 por riguroso orden de entrega del formulario.<\/p>\n<p class=\"p2\" style=\"text-align:justify;\">-Tendr\u00e1n preferencia en la inscripci\u00f3n los alumnos del centro que formalicen la inscripci\u00f3n para toda la Escoleta y, posteriormente, los que se inscriban por d\u00edas.<\/p>\n<p class=\"p2\" style=\"text-align:justify;\">&#8211; Entrega a las tutoras en clase o en la secretar\u00eda del centro hasta el d\u00eda 7 de diciembre.<\/p>\n<p class=\"p2\" style=\"text-align:justify;\">&#8211; La Escoleta de Nadal se reserva el derecho a cancelar la actividad si no se cumple un m\u00ednimo de alumnos matriculados.<\/p>\n<p class=\"p2\" style=\"text-align:justify;\">Reciban un cordial saludo.<\/p>\n<p class=\"p2\" style=\"text-align:justify;\"><strong>El equipo de la \u00abEscoleta de Nadal\u00bb<\/strong><\/p>\n","protected":false},"excerpt":{"rendered":"<p>Queridos pap\u00e1s y mam\u00e1s: Les informamos que en el periodo vacacional comprendido entre los d\u00edas 23 de diciembre y 5 de enero (ambos inclusive), el Colegio Santa Ana les ofrece la Escoleta de Nadal 2016,\u00a0a la que podr\u00e1n asistir los alumnos con edades comprendidas entre 1 y 12 a\u00f1os, tanto de dentro como de fuera&#8230; <\/p>\n<div class=\"link-more\"><a href=\"https:\/\/www.santaanaalcoi.es\/?p=1136\">Lea m\u00e1s<\/a><\/div>\n","protected":false},"author":3,"featured_media":1139,"comment_status":"open","ping_status":"open","sticky":false,"template":"","format":"standard","meta":{"_jetpack_memberships_contains_paid_content":false,"footnotes":""},"categories":[1],"tags":[],"class_list":["post-1136","post","type-post","status-publish","format-standard","has-post-thumbnail","hentry","category-sin-categoria"],"jetpack_featured_media_url":"https:\/\/www.santaanaalcoi.es\/wp-content\/uploads\/2016\/11\/escoleta-nadal.jpg","jetpack_sharing_enabled":true,"_links":{"self":[{"href":"https:\/\/www.santaanaalcoi.es\/index.php?rest_route=\/wp\/v2\/posts\/1136","targetHints":{"allow":["GET"]}}],"collection":[{"href":"https:\/\/www.santaanaalcoi.es\/index.php?rest_route=\/wp\/v2\/posts"}],"about":[{"href":"https:\/\/www.santaanaalcoi.es\/index.php?rest_route=\/wp\/v2\/types\/post"}],"author":[{"embeddable":true,"href":"https:\/\/www.santaanaalcoi.es\/index.php?rest_route=\/wp\/v2\/users\/3"}],"replies":[{"embeddable":true,"href":"https:\/\/www.santaanaalcoi.es\/index.php?rest_route=%2Fwp%2Fv2%2Fcomments&post=1136"}],"version-history":[{"count":0,"href":"https:\/\/www.santaanaalcoi.es\/index.php?rest_route=\/wp\/v2\/posts\/1136\/revisions"}],"wp:featuredmedia":[{"embeddable":true,"href":"https:\/\/www.santaanaalcoi.es\/index.php?rest_route=\/wp\/v2\/media\/1139"}],"wp:attachment":[{"href":"https:\/\/www.santaanaalcoi.es\/index.php?rest_route=%2Fwp%2Fv2%2Fmedia&parent=1136"}],"wp:term":[{"taxonomy":"category","embeddable":true,"href":"https:\/\/www.santaanaalcoi.es\/index.php?rest_route=%2Fwp%2Fv2%2Fcategories&post=1136"},{"taxonomy":"post_tag","embeddable":true,"href":"https:\/\/www.santaanaalcoi.es\/index.php?rest_route=%2Fwp%2Fv2%2Ftags&post=1136"}],"curies":[{"name":"wp","href":"https:\/\/api.w.org\/{rel}","templated":true}]}}