{"id":1046,"date":"2016-10-26T11:19:13","date_gmt":"2016-10-26T11:19:13","guid":{"rendered":"https:\/\/santaanaalcoiweb.wordpress.com\/?p=1046"},"modified":"2016-10-26T11:19:13","modified_gmt":"2016-10-26T11:19:13","slug":"santa-ana-con-las-victimas-del-huracan-matthew-de-haiti","status":"publish","type":"post","link":"https:\/\/www.santaanaalcoi.es\/?p=1046","title":{"rendered":"Santa Ana con las v\u00edctimas del Hurac\u00e1n Matthew de Hait\u00ed"},"content":{"rendered":"<p style=\"text-align:justify;\">El paso del hurac\u00e1n Matthew por Hait\u00ed el 4 de Octubre ha tenido terribles efectos tanto en p\u00e9rdida de vidas humanas como en da\u00f1os materiales. El pa\u00eds es muy vulnerable ante las emergencias y cat\u00e1strofes naturales y la poblaci\u00f3n afectada ve una vez m\u00e1s destruidos sus medios de vida.<\/p>\n<p style=\"text-align:justify;\"><img loading=\"lazy\" decoding=\"async\" class=\"alignleft size-medium wp-image-1056\" src=\"https:\/\/santaanaalcoiweb.wordpress.com\/wp-content\/uploads\/2016\/10\/24-cartel-emerghaiti-aaff-copia.jpg?w=247\" alt=\"AAFF cartel\" width=\"247\" height=\"300\" \/>Desde hace m\u00e1s de 40 a\u00f1os C\u00e1ritas est\u00e1 presente en Hait\u00ed apoyando a la poblaci\u00f3n con proyectos de seguridad alimentaria, medio ambiente, gesti\u00f3n de riesgo ante cat\u00e1strofes naturales, salud, agua y saneamiento.<\/p>\n<p style=\"text-align:justify;\">En estos primeros momentos de emergencia, la red internacional C\u00e1ritas se ha movilizado para distribuir alimentos y kits sanitarios as\u00ed como sensibilizar para evitar la propagaci\u00f3n de enfermedades infecciosas.<\/p>\n<p style=\"text-align:justify;\">Por todo ello, familias, os pedimos un esfuerzo m\u00e1s grande si cabe, para la campa\u00f1a de Domund junto a C\u00e1ritas de este a\u00f1o. Porque la mayor parte de los beneficios econ\u00f3micos que obtengamos con este campa\u00f1a ir\u00e1n destinados a las familias que han tenido la desgracia de sufrir el paso del devastador Hurac\u00e1n Matthew por sus hogares.<\/p>\n<p style=\"text-align:justify;\">\u00a1Colabora ya! Ma\u00f1ana ser\u00e1 demasiado tarde.<\/p>\n<p style=\"text-align:justify;\">#SantaAnaConHait\u00ed #C\u00e1ritasConHait\u00ed #UnidosEsMejor<\/p>\n","protected":false},"excerpt":{"rendered":"<p>El paso del hurac\u00e1n Matthew por Hait\u00ed el 4 de Octubre ha tenido terribles efectos tanto en p\u00e9rdida de vidas humanas como en da\u00f1os materiales. El pa\u00eds es muy vulnerable ante las emergencias y cat\u00e1strofes naturales y la poblaci\u00f3n afectada ve una vez m\u00e1s destruidos sus medios de vida. Desde hace m\u00e1s de 40 a\u00f1os&#8230; <\/p>\n<div class=\"link-more\"><a href=\"https:\/\/www.santaanaalcoi.es\/?p=1046\">Lea m\u00e1s<\/a><\/div>\n","protected":false},"author":3,"featured_media":1056,"comment_status":"open","ping_status":"open","sticky":false,"template":"","format":"standard","meta":{"_jetpack_memberships_contains_paid_content":false,"footnotes":""},"categories":[1],"tags":[],"class_list":["post-1046","post","type-post","status-publish","format-standard","has-post-thumbnail","hentry","category-sin-categoria"],"jetpack_featured_media_url":"https:\/\/www.santaanaalcoi.es\/wp-content\/uploads\/2016\/10\/24-cartel-emerghaiti-aaff-copia-scaled.jpg","jetpack_sharing_enabled":true,"_links":{"self":[{"href":"https:\/\/www.santaanaalcoi.es\/index.php?rest_route=\/wp\/v2\/posts\/1046","targetHints":{"allow":["GET"]}}],"collection":[{"href":"https:\/\/www.santaanaalcoi.es\/index.php?rest_route=\/wp\/v2\/posts"}],"about":[{"href":"https:\/\/www.santaanaalcoi.es\/index.php?rest_route=\/wp\/v2\/types\/post"}],"author":[{"embeddable":true,"href":"https:\/\/www.santaanaalcoi.es\/index.php?rest_route=\/wp\/v2\/users\/3"}],"replies":[{"embeddable":true,"href":"https:\/\/www.santaanaalcoi.es\/index.php?rest_route=%2Fwp%2Fv2%2Fcomments&post=1046"}],"version-history":[{"count":0,"href":"https:\/\/www.santaanaalcoi.es\/index.php?rest_route=\/wp\/v2\/posts\/1046\/revisions"}],"wp:featuredmedia":[{"embeddable":true,"href":"https:\/\/www.santaanaalcoi.es\/index.php?rest_route=\/wp\/v2\/media\/1056"}],"wp:attachment":[{"href":"https:\/\/www.santaanaalcoi.es\/index.php?rest_route=%2Fwp%2Fv2%2Fmedia&parent=1046"}],"wp:term":[{"taxonomy":"category","embeddable":true,"href":"https:\/\/www.santaanaalcoi.es\/index.php?rest_route=%2Fwp%2Fv2%2Fcategories&post=1046"},{"taxonomy":"post_tag","embeddable":true,"href":"https:\/\/www.santaanaalcoi.es\/index.php?rest_route=%2Fwp%2Fv2%2Ftags&post=1046"}],"curies":[{"name":"wp","href":"https:\/\/api.w.org\/{rel}","templated":true}]}}