{"id":1021,"date":"2016-10-25T08:23:22","date_gmt":"2016-10-25T08:23:22","guid":{"rendered":"https:\/\/santaanaalcoiweb.wordpress.com\/?p=1021"},"modified":"2016-10-25T08:23:22","modified_gmt":"2016-10-25T08:23:22","slug":"premios-extraordinarios-rendimiento-academico","status":"publish","type":"post","link":"https:\/\/www.santaanaalcoi.es\/?p=1021","title":{"rendered":"Premios Extraordinarios al Rendimiento Acad\u00e9mico"},"content":{"rendered":"<p style=\"text-align:justify;\">Los alumnos de 1\u00ba de la ESO Miquel Sell\u00e9s P\u00e9rez y Marc Va\u00f1\u00f3 Adri\u00e1n,\u00a0han sido galardonados con el \u00abPremio Extraordinario al Rendimiento Acad\u00e9mico de Educaci\u00f3n Primaria\u00bb, correspondiente al curso 2015-2016, que concede la Direcci\u00f3n General de Pol\u00edtica Educativa de la Conseller\u00eda de Educaci\u00f3n, Investigaci\u00f3n, Cultura y Deporte de la Generalitat Valenciana.<\/p>\n<p style=\"text-align:justify;\">La obtenci\u00f3n de este importante premio se har\u00e1 constar en el historial y en el expediente acad\u00e9mico de\u00a0nuestros alumnos galardonados.<\/p>\n<p style=\"text-align:justify;\">La resoluci\u00f3n de la Direcci\u00f3n General de Pol\u00edtica Educativa concediendo estos premios acad\u00e9micos, se public\u00f3 el pasado 11 de Octubre en el Diari Oficial de la Comunitat Valenciana (DOCV).<\/p>\n<p style=\"text-align:justify;\">El Equipo Directivo, claustro de profesores\u00a0y la comunidad educativa del Colegio Santa Ana, han dado\u00a0p\u00fablicamente la enhorabuena a los dos j\u00f3venes, haci\u00e9ndoles entrega de dos diplomas y unos obsequios.<\/p>\n<p style=\"text-align:justify;\"><img loading=\"lazy\" decoding=\"async\" class=\"alignnone size-full wp-image-1041\" src=\"https:\/\/santaanaalcoiweb.wordpress.com\/wp-content\/uploads\/2016\/10\/img_1689.jpg\" alt=\"img_1689\" width=\"3264\" height=\"2448\" \/><\/p>\n<p style=\"text-align:center;\">Desde aqu\u00ed, felicitamos tambi\u00e9n a sus familias por el Premio obtenido.<\/p>\n","protected":false},"excerpt":{"rendered":"<p>Los alumnos de 1\u00ba de la ESO Miquel Sell\u00e9s P\u00e9rez y Marc Va\u00f1\u00f3 Adri\u00e1n,\u00a0han sido galardonados con el \u00abPremio Extraordinario al Rendimiento Acad\u00e9mico de Educaci\u00f3n Primaria\u00bb, correspondiente al curso 2015-2016, que concede la Direcci\u00f3n General de Pol\u00edtica Educativa de la Conseller\u00eda de Educaci\u00f3n, Investigaci\u00f3n, Cultura y Deporte de la Generalitat Valenciana. La obtenci\u00f3n de este&#8230; <\/p>\n<div class=\"link-more\"><a href=\"https:\/\/www.santaanaalcoi.es\/?p=1021\">Lea m\u00e1s<\/a><\/div>\n","protected":false},"author":3,"featured_media":1041,"comment_status":"open","ping_status":"open","sticky":false,"template":"","format":"standard","meta":{"_jetpack_memberships_contains_paid_content":false,"footnotes":""},"categories":[1],"tags":[],"class_list":["post-1021","post","type-post","status-publish","format-standard","has-post-thumbnail","hentry","category-sin-categoria"],"jetpack_featured_media_url":"https:\/\/www.santaanaalcoi.es\/wp-content\/uploads\/2016\/10\/img_1689-scaled.jpg","jetpack_sharing_enabled":true,"_links":{"self":[{"href":"https:\/\/www.santaanaalcoi.es\/index.php?rest_route=\/wp\/v2\/posts\/1021","targetHints":{"allow":["GET"]}}],"collection":[{"href":"https:\/\/www.santaanaalcoi.es\/index.php?rest_route=\/wp\/v2\/posts"}],"about":[{"href":"https:\/\/www.santaanaalcoi.es\/index.php?rest_route=\/wp\/v2\/types\/post"}],"author":[{"embeddable":true,"href":"https:\/\/www.santaanaalcoi.es\/index.php?rest_route=\/wp\/v2\/users\/3"}],"replies":[{"embeddable":true,"href":"https:\/\/www.santaanaalcoi.es\/index.php?rest_route=%2Fwp%2Fv2%2Fcomments&post=1021"}],"version-history":[{"count":0,"href":"https:\/\/www.santaanaalcoi.es\/index.php?rest_route=\/wp\/v2\/posts\/1021\/revisions"}],"wp:featuredmedia":[{"embeddable":true,"href":"https:\/\/www.santaanaalcoi.es\/index.php?rest_route=\/wp\/v2\/media\/1041"}],"wp:attachment":[{"href":"https:\/\/www.santaanaalcoi.es\/index.php?rest_route=%2Fwp%2Fv2%2Fmedia&parent=1021"}],"wp:term":[{"taxonomy":"category","embeddable":true,"href":"https:\/\/www.santaanaalcoi.es\/index.php?rest_route=%2Fwp%2Fv2%2Fcategories&post=1021"},{"taxonomy":"post_tag","embeddable":true,"href":"https:\/\/www.santaanaalcoi.es\/index.php?rest_route=%2Fwp%2Fv2%2Ftags&post=1021"}],"curies":[{"name":"wp","href":"https:\/\/api.w.org\/{rel}","templated":true}]}}