{"id":1002,"date":"2016-10-20T18:47:54","date_gmt":"2016-10-20T18:47:54","guid":{"rendered":"https:\/\/santaanaalcoiweb.wordpress.com\/?p=1002"},"modified":"2016-10-20T18:47:54","modified_gmt":"2016-10-20T18:47:54","slug":"ricardo-canalejas-encargado-de-inaugurar-el-english-time-lab","status":"publish","type":"post","link":"https:\/\/www.santaanaalcoi.es\/?p=1002","title":{"rendered":"Ricardo Canalejas inaugura el English Time Lab del Colegio Santa Ana"},"content":{"rendered":"<p style=\"text-align:justify;\"><strong>El escritor alcoyano Ricardo Canalejas, inaugura el English Time Lab del Colegio Santa Ana de Alcoy; un espacio exclusivo en el que la lengua inglesa se aprende de forma pr\u00e1ctica y significativa.<\/strong><\/p>\n<p style=\"text-align:justify;\"><img loading=\"lazy\" decoding=\"async\" class=\"alignleft  wp-image-1011\" src=\"https:\/\/santaanaalcoiweb.wordpress.com\/wp-content\/uploads\/2016\/10\/img_1617.jpg?w=300\" alt=\"img_1617\" width=\"316\" height=\"237\" \/>El English Time Lab es un espacio fundamental dentro del Proyecto English Time, dise\u00f1ado por la profesora Eva Sand\u00edn, para el aprendizaje de la lengua inglesa. Se trata de un aula espec\u00edfica en la que la inmersi\u00f3n ling\u00fc\u00edstica est\u00e1 asegurada, ya que para que el aprendizaje de la lengua inglesa sea efectivo, los alumnos\/as deben relacionar tanto el docente como el espacio en el que se encuentran con la lengua vehicular que predomina; en este caso, la lengua inglesa.<\/p>\n<p style=\"text-align:justify;\">El aula est\u00e1 dividida en diferentes zonas de aprendizaje (LEARNING ZONES) en las qu\u00e9 a trav\u00e9s de tareas y retos, los alumnos van desarrollando las diferentes competencias comunicativas. El objetivo principal del enfoque por tareas es que el alumno conforme su aprendizaje a trav\u00e9s del uso real de la lengua dentro del aula.<\/p>\n<p style=\"text-align:justify;\"><img loading=\"lazy\" decoding=\"async\" class=\"alignnone size-full wp-image-1014\" src=\"https:\/\/santaanaalcoiweb.wordpress.com\/wp-content\/uploads\/2016\/10\/img_1628.jpg\" alt=\"IMG_1628.JPG\" width=\"11930\" height=\"2936\" \/><\/p>\n<p style=\"text-align:justify;\">Ricardo Canalejas ha colaborado aportando fotograf\u00edas antiguas de nuestra ciudad, para una actividad que consiste en lo siguiente:<\/p>\n<ol style=\"text-align:justify;\">\n<li>Presentamos un reto a los alumnos de Sexto de Primaria: describir fotograf\u00edas antiguas de Alcoy. Nos pusimos en contacto con Ricardo Canalejas, que muy amablemente nos cedi\u00f3 algunas de las instant\u00e1neas publicadas en sus libros.<\/li>\n<li>Una vez superado este reto, los alumnos deb\u00edan tomar la misma fotograf\u00eda, pero en la actualidad, para comparar el pasado y el presente de algunos de los lugares y edificios m\u00e1s emblem\u00e1ticos de nuestra ciudad. Debido a las dudas que respecto a la evoluci\u00f3n paisaj\u00edstica de nuestra ciudad presentaban nuestros alumnos, me propusieron entrevistarle, con lo que se les plante\u00f3 el siguiente reto.<\/li>\n<li>Preparar y realizar una entrevista. La experiencia con su presencia ha sido tan gratificante, que tras las respuestas obtenidas de la entrevista, les hemos planteado el siguiente reto.<\/li>\n<li>Recopilar informaci\u00f3n para elaborar la biograf\u00eda de Ricardo Canalejas, al cual hemos emplazado para una segunda visita.<\/li>\n<\/ol>\n<p style=\"text-align:justify;\">A continuaci\u00f3n os dejamos un enlace a un v\u00eddeo de la entrevista realizada a Ricardo por parte de nuestro alumnos.<\/p>\n<ul style=\"text-align:justify;\">\n<li><a href=\"https:\/\/youtu.be\/GZDgFrQw6G8\" target=\"_blank\">ENTREVISTA A RICARDO CANALEJAS<\/a><\/li>\n<\/ul>\n<p style=\"text-align:justify;\">Desde el Colegio Santa Ana agradecemos p\u00fablicamente la colaboraci\u00f3n desinteresada de Ricardo, sabiendo que en estos momentos se encuentra inmerso en varios proyectos.<\/p>\n","protected":false},"excerpt":{"rendered":"<p>El escritor alcoyano Ricardo Canalejas, inaugura el English Time Lab del Colegio Santa Ana de Alcoy; un espacio exclusivo en el que la lengua inglesa se aprende de forma pr\u00e1ctica y significativa. El English Time Lab es un espacio fundamental dentro del Proyecto English Time, dise\u00f1ado por la profesora Eva Sand\u00edn, para el aprendizaje de&#8230; <\/p>\n<div class=\"link-more\"><a href=\"https:\/\/www.santaanaalcoi.es\/?p=1002\">Lea m\u00e1s<\/a><\/div>\n","protected":false},"author":3,"featured_media":1010,"comment_status":"open","ping_status":"open","sticky":false,"template":"","format":"standard","meta":{"_jetpack_memberships_contains_paid_content":false,"footnotes":""},"categories":[1],"tags":[],"class_list":["post-1002","post","type-post","status-publish","format-standard","has-post-thumbnail","hentry","category-sin-categoria"],"jetpack_featured_media_url":"https:\/\/www.santaanaalcoi.es\/wp-content\/uploads\/2016\/10\/20161020_135937-scaled.jpg","jetpack_sharing_enabled":true,"_links":{"self":[{"href":"https:\/\/www.santaanaalcoi.es\/index.php?rest_route=\/wp\/v2\/posts\/1002","targetHints":{"allow":["GET"]}}],"collection":[{"href":"https:\/\/www.santaanaalcoi.es\/index.php?rest_route=\/wp\/v2\/posts"}],"about":[{"href":"https:\/\/www.santaanaalcoi.es\/index.php?rest_route=\/wp\/v2\/types\/post"}],"author":[{"embeddable":true,"href":"https:\/\/www.santaanaalcoi.es\/index.php?rest_route=\/wp\/v2\/users\/3"}],"replies":[{"embeddable":true,"href":"https:\/\/www.santaanaalcoi.es\/index.php?rest_route=%2Fwp%2Fv2%2Fcomments&post=1002"}],"version-history":[{"count":0,"href":"https:\/\/www.santaanaalcoi.es\/index.php?rest_route=\/wp\/v2\/posts\/1002\/revisions"}],"wp:featuredmedia":[{"embeddable":true,"href":"https:\/\/www.santaanaalcoi.es\/index.php?rest_route=\/wp\/v2\/media\/1010"}],"wp:attachment":[{"href":"https:\/\/www.santaanaalcoi.es\/index.php?rest_route=%2Fwp%2Fv2%2Fmedia&parent=1002"}],"wp:term":[{"taxonomy":"category","embeddable":true,"href":"https:\/\/www.santaanaalcoi.es\/index.php?rest_route=%2Fwp%2Fv2%2Fcategories&post=1002"},{"taxonomy":"post_tag","embeddable":true,"href":"https:\/\/www.santaanaalcoi.es\/index.php?rest_route=%2Fwp%2Fv2%2Ftags&post=1002"}],"curies":[{"name":"wp","href":"https:\/\/api.w.org\/{rel}","templated":true}]}}